{"id":6267,"date":"2023-08-30T13:05:26","date_gmt":"2023-08-30T12:05:26","guid":{"rendered":"https:\/\/www.amisdeleuro.org\/?p=6267"},"modified":"2023-08-30T14:15:30","modified_gmt":"2023-08-30T13:15:30","slug":"1-les-euros-precieux-collection-placement-2-les-coffrets-monegasques-meconnus","status":"publish","type":"post","link":"https:\/\/www.amisdeleuro.org\/de\/1-les-euros-precieux-collection-placement-2-les-coffrets-monegasques-meconnus\/","title":{"rendered":"1 &#8211; Les euros pr\u00e9cieux : Collection-Placement 2 &#8211; les coffrets mon\u00e9gasques m\u00e9connus"},"content":{"rendered":"<div class=\"pmpro\"><div class=\"pmpro_card pmpro_content_message\"><div class=\"pmpro_card_content\">Dieser Inhalt ist nur f\u00fcr Mitglieder des Vereins bestimmt. <a href=\"https:\/\/www.amisdeleuro.org\/de\/shop-adhesion\/\">Mitglied werden<\/a><\/div><div class=\"pmpro_card_actions pmpro_font-medium\">Bist du bereits Mitglied? <a href=\"https:\/\/www.amisdeleuro.org\/wp-login.php?redirect_to=https%3A%2F%2Fwww.amisdeleuro.org%2Fde%2Fprecedentes-commandes-groupees-2009%2F\">Hier einloggen<\/a><\/div><\/div><\/div>","protected":false},"excerpt":{"rendered":"<div class=\"pmpro\"><div class=\"pmpro_card pmpro_content_message\"><div class=\"pmpro_card_content\">Dieser Inhalt ist nur f\u00fcr Mitglieder des Vereins bestimmt. <a href=\"https:\/\/www.amisdeleuro.org\/de\/shop-adhesion\/\">Mitglied werden<\/a><\/div><div class=\"pmpro_card_actions pmpro_font-medium\">Bist du bereits Mitglied? <a href=\"https:\/\/www.amisdeleuro.org\/wp-login.php?redirect_to=https%3A%2F%2Fwww.amisdeleuro.org%2Fde%2Fprecedentes-commandes-groupees-2009%2F\">Hier einloggen<\/a><\/div><\/div><\/div>","protected":false},"author":1,"featured_media":0,"comment_status":"closed","ping_status":"closed","sticky":false,"template":"","format":"standard","meta":{"_acf_changed":false,"pmpro_default_level":"","footnotes":""},"categories":[582],"tags":[],"annee":[144],"atelier":[],"certificat":[],"concepteurs":[],"domaine-concerne":[552,551,554,553],"etat-de-numerisation":[],"evenement":[],"extension":[317],"graveurs":[],"information-precedemment-reprise":[],"medaille":[],"metal":[],"motif":[],"numerote":[],"origine-du-document":[],"pays":[],"presentation":[],"qualite":[],"rubrique-annonce":[],"sous-type-dartefact":[],"supports-du-document":[],"type-dannonce":[],"type-dartefact":[],"type-de-document":[571],"valeur-faciale":[],"class_list":["post-6267","post","type-post","status-publish","format-standard","hentry","category-documents","annee-144","domaine-concerne-circulantes-2-e","domaine-concerne-circulantes-1-cent-a-2-euro","domaine-concerne-coffrets-be","domaine-concerne-coffrets-bu","extension-pdf","type-de-document-revue-livre-magazine","pmpro-level-required","pmpro-level-2","pmpro-level-5","pmpro-level-7","pmpro-level-9","pmpro-level-10","pmpro-no-access"],"acf":[],"_links":{"self":[{"href":"https:\/\/www.amisdeleuro.org\/de\/wp-json\/wp\/v2\/posts\/6267","targetHints":{"allow":["GET"]}}],"collection":[{"href":"https:\/\/www.amisdeleuro.org\/de\/wp-json\/wp\/v2\/posts"}],"about":[{"href":"https:\/\/www.amisdeleuro.org\/de\/wp-json\/wp\/v2\/types\/post"}],"author":[{"embeddable":true,"href":"https:\/\/www.amisdeleuro.org\/de\/wp-json\/wp\/v2\/users\/1"}],"replies":[{"embeddable":true,"href":"https:\/\/www.amisdeleuro.org\/de\/wp-json\/wp\/v2\/comments?post=6267"}],"version-history":[{"count":0,"href":"https:\/\/www.amisdeleuro.org\/de\/wp-json\/wp\/v2\/posts\/6267\/revisions"}],"wp:attachment":[{"href":"https:\/\/www.amisdeleuro.org\/de\/wp-json\/wp\/v2\/media?parent=6267"}],"wp:term":[{"taxonomy":"category","embeddable":true,"href":"https:\/\/www.amisdeleuro.org\/de\/wp-json\/wp\/v2\/categories?post=6267"},{"taxonomy":"post_tag","embeddable":true,"href":"https:\/\/www.amisdeleuro.org\/de\/wp-json\/wp\/v2\/tags?post=6267"},{"taxonomy":"annee","embeddable":true,"href":"https:\/\/www.amisdeleuro.org\/de\/wp-json\/wp\/v2\/annee?post=6267"},{"taxonomy":"atelier","embeddable":true,"href":"https:\/\/www.amisdeleuro.org\/de\/wp-json\/wp\/v2\/atelier?post=6267"},{"taxonomy":"certificat","embeddable":true,"href":"https:\/\/www.amisdeleuro.org\/de\/wp-json\/wp\/v2\/certificat?post=6267"},{"taxonomy":"concepteurs","embeddable":true,"href":"https:\/\/www.amisdeleuro.org\/de\/wp-json\/wp\/v2\/concepteurs?post=6267"},{"taxonomy":"domaine-concerne","embeddable":true,"href":"https:\/\/www.amisdeleuro.org\/de\/wp-json\/wp\/v2\/domaine-concerne?post=6267"},{"taxonomy":"etat-de-numerisation","embeddable":true,"href":"https:\/\/www.amisdeleuro.org\/de\/wp-json\/wp\/v2\/etat-de-numerisation?post=6267"},{"taxonomy":"evenement","embeddable":true,"href":"https:\/\/www.amisdeleuro.org\/de\/wp-json\/wp\/v2\/evenement?post=6267"},{"taxonomy":"extension","embeddable":true,"href":"https:\/\/www.amisdeleuro.org\/de\/wp-json\/wp\/v2\/extension?post=6267"},{"taxonomy":"graveurs","embeddable":true,"href":"https:\/\/www.amisdeleuro.org\/de\/wp-json\/wp\/v2\/graveurs?post=6267"},{"taxonomy":"information-precedemment-reprise","embeddable":true,"href":"https:\/\/www.amisdeleuro.org\/de\/wp-json\/wp\/v2\/information-precedemment-reprise?post=6267"},{"taxonomy":"medaille","embeddable":true,"href":"https:\/\/www.amisdeleuro.org\/de\/wp-json\/wp\/v2\/medaille?post=6267"},{"taxonomy":"metal","embeddable":true,"href":"https:\/\/www.amisdeleuro.org\/de\/wp-json\/wp\/v2\/metal?post=6267"},{"taxonomy":"motif","embeddable":true,"href":"https:\/\/www.amisdeleuro.org\/de\/wp-json\/wp\/v2\/motif?post=6267"},{"taxonomy":"numerote","embeddable":true,"href":"https:\/\/www.amisdeleuro.org\/de\/wp-json\/wp\/v2\/numerote?post=6267"},{"taxonomy":"origine-du-document","embeddable":true,"href":"https:\/\/www.amisdeleuro.org\/de\/wp-json\/wp\/v2\/origine-du-document?post=6267"},{"taxonomy":"pays","embeddable":true,"href":"https:\/\/www.amisdeleuro.org\/de\/wp-json\/wp\/v2\/pays?post=6267"},{"taxonomy":"presentation","embeddable":true,"href":"https:\/\/www.amisdeleuro.org\/de\/wp-json\/wp\/v2\/presentation?post=6267"},{"taxonomy":"qualite","embeddable":true,"href":"https:\/\/www.amisdeleuro.org\/de\/wp-json\/wp\/v2\/qualite?post=6267"},{"taxonomy":"rubrique-annonce","embeddable":true,"href":"https:\/\/www.amisdeleuro.org\/de\/wp-json\/wp\/v2\/rubrique-annonce?post=6267"},{"taxonomy":"sous-type-dartefact","embeddable":true,"href":"https:\/\/www.amisdeleuro.org\/de\/wp-json\/wp\/v2\/sous-type-dartefact?post=6267"},{"taxonomy":"supports-du-document","embeddable":true,"href":"https:\/\/www.amisdeleuro.org\/de\/wp-json\/wp\/v2\/supports-du-document?post=6267"},{"taxonomy":"type-dannonce","embeddable":true,"href":"https:\/\/www.amisdeleuro.org\/de\/wp-json\/wp\/v2\/type-dannonce?post=6267"},{"taxonomy":"type-dartefact","embeddable":true,"href":"https:\/\/www.amisdeleuro.org\/de\/wp-json\/wp\/v2\/type-dartefact?post=6267"},{"taxonomy":"type-de-document","embeddable":true,"href":"https:\/\/www.amisdeleuro.org\/de\/wp-json\/wp\/v2\/type-de-document?post=6267"},{"taxonomy":"valeur-faciale","embeddable":true,"href":"https:\/\/www.amisdeleuro.org\/de\/wp-json\/wp\/v2\/valeur-faciale?post=6267"}],"curies":[{"name":"wp","href":"https:\/\/api.w.org\/{rel}","templated":true}]}}